{"id":1150,"date":"2024-07-12T13:02:30","date_gmt":"2024-07-12T13:02:30","guid":{"rendered":"https:\/\/manenti.adv.br\/site\/?p=1150"},"modified":"2024-07-12T13:02:31","modified_gmt":"2024-07-12T13:02:31","slug":"aviso-previo-indenizado-e-valido-como-tempo-de-contribuicao-para-obtencao-de-aposentadoria","status":"publish","type":"post","link":"https:\/\/manenti.adv.br\/site\/aviso-previo-indenizado-e-valido-como-tempo-de-contribuicao-para-obtencao-de-aposentadoria\/","title":{"rendered":"Aviso pr\u00e9vio indenizado \u00e9 v\u00e1lido como tempo de contribui\u00e7\u00e3o para obten\u00e7\u00e3o de aposentadoria"},"content":{"rendered":"\n<p>A 1\u00aa Turma do Tribunal Regional Federal da 1\u00aa Regi\u00e3o (TRF1) reconheceu a contagem do aviso pr\u00e9vio indenizado como tempo de contribui\u00e7\u00e3o para a concess\u00e3o da aposentadoria de um trabalhador. A decis\u00e3o do Colegiado manteve a senten\u00e7a do Ju\u00edzo Federal da 3\u00aa Vara da Se\u00e7\u00e3o Judici\u00e1ria da Bahia (SJBA).<\/p>\n\n\n\n<p>O Instituto Nacional do Seguro Social (INSS) havia indeferido a concess\u00e3o do benef\u00edcio por tempo de contribui\u00e7\u00e3o sob a alega\u00e7\u00e3o de que o autor n\u00e3o possu\u00eda tempo suficiente para se aposentar.<\/p>\n\n\n\n<p>Ao analisar o caso, o relator, juiz federal convocado Fausto Mendanha Gonzaga, destacou que o per\u00edodo de aviso pr\u00e9vio indenizado \u00e9 v\u00e1lido para todos os fins previdenci\u00e1rios, inclusive como tempo de contribui\u00e7\u00e3o para obten\u00e7\u00e3o de aposentadoria.<\/p>\n\n\n\n<p>\u201cA senten\u00e7a, portanto, n\u00e3o merece reparos\u201d, afirmou o magistrado ao concluir seu voto.<\/p>\n\n\n\n<p>A decis\u00e3o do Colegiado foi un\u00e2nime acompanhando o voto do relator.<\/p>\n\n\n\n<p>Processo: 1004683-28.2019.4.01.3300<\/p>\n\n\n\n<p>Data da publica\u00e7\u00e3o: 18\/06\/2024<\/p>\n\n\n\n<p>LC\/JL\/ML<\/p>\n\n\n\n<p>Assessoria de Comunica\u00e7\u00e3o Social<\/p>\n\n\n\n<p>Tribunal Regional Federal da 1\u00aa Regi\u00e3o<\/p>\n\n\n\n<p><\/p>\n\n\n\n<p>Fonte: TRF1<\/p>\n\n\n\n<p>Imagem: Freepik<\/p>\n","protected":false},"excerpt":{"rendered":"<p>A 1\u00aa Turma do Tribunal Regional Federal da 1\u00aa Regi\u00e3o (TRF1) reconheceu a contagem do aviso pr\u00e9vio indenizado como tempo de contribui\u00e7\u00e3o para a concess\u00e3o da aposentadoria de um trabalhador. A decis\u00e3o do Colegiado manteve a senten\u00e7a do Ju\u00edzo Federal da 3\u00aa Vara da Se\u00e7\u00e3o&hellip;<\/p>\n","protected":false},"author":1,"featured_media":1151,"comment_status":"open","ping_status":"open","sticky":false,"template":"","format":"standard","meta":[],"categories":[10],"tags":[],"_links":{"self":[{"href":"https:\/\/manenti.adv.br\/site\/wp-json\/wp\/v2\/posts\/1150"}],"collection":[{"href":"https:\/\/manenti.adv.br\/site\/wp-json\/wp\/v2\/posts"}],"about":[{"href":"https:\/\/manenti.adv.br\/site\/wp-json\/wp\/v2\/types\/post"}],"author":[{"embeddable":true,"href":"https:\/\/manenti.adv.br\/site\/wp-json\/wp\/v2\/users\/1"}],"replies":[{"embeddable":true,"href":"https:\/\/manenti.adv.br\/site\/wp-json\/wp\/v2\/comments?post=1150"}],"version-history":[{"count":1,"href":"https:\/\/manenti.adv.br\/site\/wp-json\/wp\/v2\/posts\/1150\/revisions"}],"predecessor-version":[{"id":1152,"href":"https:\/\/manenti.adv.br\/site\/wp-json\/wp\/v2\/posts\/1150\/revisions\/1152"}],"wp:featuredmedia":[{"embeddable":true,"href":"https:\/\/manenti.adv.br\/site\/wp-json\/wp\/v2\/media\/1151"}],"wp:attachment":[{"href":"https:\/\/manenti.adv.br\/site\/wp-json\/wp\/v2\/media?parent=1150"}],"wp:term":[{"taxonomy":"category","embeddable":true,"href":"https:\/\/manenti.adv.br\/site\/wp-json\/wp\/v2\/categories?post=1150"},{"taxonomy":"post_tag","embeddable":true,"href":"https:\/\/manenti.adv.br\/site\/wp-json\/wp\/v2\/tags?post=1150"}],"curies":[{"name":"wp","href":"https:\/\/api.w.org\/{rel}","templated":true}]}}